{
    "GETID3_VERSION": "1.9.19-201912311335",
    "filesize": 47883,
    "filepath": "\/var\/src",
    "filename": "2b0067f0d1819fe7b7f572a64045218c.jpeg",
    "filenamepath": "\/var\/src\/2b0067f0d1819fe7b7f572a64045218c.jpeg",
    "avdataoffset": 0,
    "avdataend": 47883,
    "fileformat": "jpg",
    "video": {
        "dataformat": "jpg",
        "lossless": false,
        "bits_per_sample": 24,
        "pixel_aspect_ratio": 1,
        "resolution_x": 596,
        "resolution_y": 800,
        "compression_ratio": 0.033475251677852
    },
    "encoding": "UTF-8",
    "mime_type": "image\/jpeg",
    "jpg": {
        "exif": {
            "FILE": {
                "FileName": "2b0067f0d1819fe7b7f572a64045218c.jpeg",
                "FileDateTime": 1697825340,
                "FileSize": 47883,
                "FileType": 2,
                "MimeType": "image\/jpeg",
                "SectionsFound": "ANY_TAG, IFD0, EXIF, WINXP"
            },
            "COMPUTED": {
                "html": "width=\"596\" height=\"800\"",
                "Height": 800,
                "Width": 596,
                "IsColor": 1,
                "ByteOrderMotorola": 1,
                "UserComment": "???????????????????????????????????????????????????????????????????????????????????????????????????????????????????????????????????????????????????????????????????????????????????????????????????????????????????????????????????????????????????????????????????????????????????????????????????????????????????????????????????????????????????????????????????????????????????????????????????????????????????????????????????????????????????????????????????????????????????????????????????????????????????????????????????",
                "UserCommentEncoding": "UNICODE"
            },
            "IFD0": {
                "Exif_IFD_Pointer": 2134,
                "Title": "B\u0000i\u0000l\u0000d\u0000 \u00001\u00008\u00003\u0000-\u0000B\u00000\u00006\u00002\u00008\u0000-\u00000\u00000\u00001\u00005\u0000-\u00000\u00003\u00005\u0000\u0000\u0000",
                "Comments": null,
                "Author": "J\u0000u\u0000n\u0000g\u0000e\u0000,\u0000 \u0000P\u0000e\u0000t\u0000e\u0000r\u0000 \u0000H\u0000e\u0000i\u0000n\u0000z\u0000\u0000\u0000",
                "UndefinedTag:0xEA1C": null
            },
            "EXIF": {
                "UserComment": null,
                "UndefinedTag:0xEA1C": null
            },
            "WINXP": {
                "Title": "???????????????????????",
                "Comments": "???????????????????????????????????????????????????????????????????????????????????????????????????????????????????????????????????????????????????????????????????????????????????????????????????????????????????????????????????????????????????????????????????????????????????????????????????????????????????????????????????????????????????????????????????????????????????????????????????????????????????????????????????????????????????????????????????????????????????????????????????????????????????????????????????",
                "Author": "??????????????????"
            }
        }
    },
    "xmp": {
        "rdf": {
            "about": "uuid:faf5bdd5-ba3d-11da-ad31-d33d75182f1b"
        },
        "xmlns": {
            "dc": "http:\/\/purl.org\/dc\/elements\/1.1\/",
            "tiff": "http:\/\/ns.adobe.com\/tiff\/1.0\/",
            "exif": "http:\/\/ns.adobe.com\/exif\/1.0\/"
        },
        "dc": {
            "creator": [
                "Junge, Peter Heinz"
            ],
            "title": [
                "Bild 183-B0628-0015-035"
            ]
        },
        "tiff": {
            "artist": "Junge, Peter Heinz"
        },
        "exif": {
            "UserComment": [
                "Zentralbild-Junge\n28.6.1963\n70. Geburtstag Walter Ulbrichts\nN.S. Chruschtschow in Berlin eingetroffen\nDer erste Sekret\u00e4r des ZK der KPdSU und Vorsitzende des Ministerrates der UdSSR, N.S. Chruschtschow, ist anl\u00e4sslich des 70. Geburtstages des Ersten Sekret\u00e4rs des ZK der SED und Vorsitzenden des Staatsrates der DDR, Walter Ulbricht, am 28. Juni 1963 zu einem Freundschaftsbesuch in der DDR auf dem Flughafen Berlin-Sch\u00f6nefeld eingetroffen.\nUBz.: N.S. Chruschtschow bei seiner Begr\u00fc\u00dfungsansprache auf dem Flugplatz."
            ]
        }
    }
}